{"id":376,"date":"2018-04-12T20:30:40","date_gmt":"2018-04-12T20:30:40","guid":{"rendered":"https:\/\/pedaljunkie.de\/?p=376"},"modified":"2020-08-10T17:46:11","modified_gmt":"2020-08-10T17:46:11","slug":"tagestouren","status":"publish","type":"post","link":"https:\/\/pedaljunkie.de\/?p=376","title":{"rendered":"Tagestouren"},"content":{"rendered":"<p>&nbsp;<\/p>\n<div data-blogger-escaped-style=\"text-align: justify;\">\n<p style=\"text-align: justify;\"><span style=\"color: #20124d; font-family: arial, helvetica, sans-serif;\" data-blogger-escaped-style=\"color: #20124d; font-family: &quot;arial&quot; , &quot;helvetica&quot; , sans-serif;\"><img loading=\"lazy\" decoding=\"async\" class=\"alignright\" src=\"https:\/\/lh3.googleusercontent.com\/dT_hjUBsCO2utY1HeP3wghWiRUZhxgtnjphPFfaV1JMfFW8ylqSsmmciYVjH73EOqfHy_xNYEvMprz1h9b_RhJo6S4poKcYg_0zr7jMU3w3cvdagmFF4vgTrTWPS-TViAhsRFgC2obbq73sU6Nuwwu-fE6ncSK6XUEYll6PWbpjqWRqPJRjW_Eqpb_EtNJGlprERo944J1bPHMwNRm4DSm-skDfA2SdjCx-8r-Nt9ETgLxhVDxld7HbPhZNrQaAqjpUtbnqqtwpnf3zJfHZAoEV92loNqYmv0i3g81BATBmNpxLMeMBW4Z94-rHD0M011nDfg2qCflqDsTWqEX0psfbf7Ks6QwI8Xi3G2UbmLlOTVQeY06303ZFz6Jd4f9C9JYU5vDctwzX0CAHejCHWt6IuEsq6MLMloTNADi_o-3Kor5E8aU9PUhfeAabipH-HzmKlrX3vssiijCAiEvk1hzXfWYkyqcyALkOlJq3zVM3Ju-y1PIQrwdeKhqa3ttBa5MwC5SntRiOXqxMrU5VfjC3LQBW1t4RRpvQmKY2ovFx2XMxUpllwv3YDl3c5EMLDIUA6ZldmPMCEYoLyV66f2Iv7kEHCx2tq20laeCoK=s100-no\" alt=\"\" width=\"100\" height=\"100\" \/>Die Radtouristik-Gruppe der Naturfreunde D\u00fcsseldorf &#8211; Soziale Pedale &#8211; unternimmt zwischen M\u00e4rz und Oktober an jedem 4. Sonntag im Monat eine Tagestour in der Umgebung D\u00fcsseldorf am Rhein und auch dar\u00fcber hinaus.\u00a0<\/span><\/p>\n<p style=\"text-align: justify;\"><span style=\"color: #20124d; font-family: arial, helvetica, sans-serif;\" data-blogger-escaped-style=\"color: #20124d; font-family: &quot;arial&quot; , &quot;helvetica&quot; , sans-serif;\"><br \/>\n<\/span><span style=\"color: #20124d; font-family: arial, helvetica, sans-serif;\" data-blogger-escaped-style=\"color: #20124d; font-family: &quot;arial&quot; , &quot;helvetica&quot; , sans-serif;\">Jeder, der Lust auf 50 bis 60 km im Sattel eines strapazierf\u00e4higen Fahrrads hat, kann sich auf der\u00a0<\/span><\/p>\n<\/div>\n<div style=\"text-align: justify;\" data-blogger-escaped-style=\"text-align: justify;\">\n<p><span style=\"color: #20124d; font-family: arial, helvetica, sans-serif;\" data-blogger-escaped-style=\"color: #20124d; font-family: &quot;arial&quot; , &quot;helvetica&quot; , sans-serif;\"><a href=\"http:\/\/www.naturfreunde-duesseldorf.de\/radlerframe.htm\" rel=\"noopener noreferrer\" data-blogger-escaped-target=\"_blank\">Homepage der Naturfreunde Duesseldorf<\/a>\u00a0<\/span><\/p>\n<p>&nbsp;<\/p>\n<\/div>\n<div style=\"text-align: justify;\" data-blogger-escaped-style=\"text-align: justify;\">\n<p><span style=\"color: #20124d; font-family: arial, helvetica, sans-serif;\" data-blogger-escaped-style=\"color: #20124d; font-family: &quot;arial&quot; , &quot;helvetica&quot; , sans-serif;\">erkundigen, wann und wohin Touren geplant sind. \u00a0Bei Touren mit Benutzung von Z\u00fcgen der DB ist es zweckm\u00e4ssig, sich am Tage zuvor zwecks Fahrkartenorganisation bei dem Tourenleiter zu melden, damit ein 2er oder ein 5er-Tagesticket besorgt werden kann.\u00a0<\/span><\/p>\n<\/div>\n<div style=\"text-align: justify;\" data-blogger-escaped-style=\"text-align: justify;\"><\/div>\n<p>&nbsp;<\/p>\n<p><span style=\"color: #20124d; font-family: arial, helvetica, sans-serif;\" data-blogger-escaped-style=\"color: #20124d; font-family: &quot;arial&quot; , &quot;helvetica&quot; , sans-serif;\"><span style=\"font-family: Arial, Helvetica, sans-serif;\">Auf den Spuren von Joseph Beuys\u00a0<\/span><\/span><\/p>\n<p><span style=\"color: #20124d; font-family: arial, helvetica, sans-serif;\" data-blogger-escaped-style=\"color: #20124d; font-family: &quot;arial&quot; , &quot;helvetica&quot; , sans-serif;\"><span style=\"font-family: Arial, Helvetica, sans-serif;\">D\u00fcsselradtour<\/span>\u00a0\u00a0<\/span><span style=\"color: #20124d; font-family: arial, helvetica, sans-serif;\" data-blogger-escaped-style=\"color: #20124d; font-family: &quot;arial&quot; , &quot;helvetica&quot; , sans-serif;\"> &#8211;\u00a0<\/span><\/p>\n<p style=\"text-align: justify;\"><span style=\"color: #20124d; font-family: arial, helvetica, sans-serif;\" data-blogger-escaped-style=\"color: #20124d; font-family: &quot;arial&quot; , &quot;helvetica&quot; , sans-serif;\">Zwillingstouren rund um den Chorbusch Knechtsteden\u00a0<\/span><\/p>\n<p><span style=\"color: #20124d; font-family: arial, helvetica, sans-serif;\" data-blogger-escaped-style=\"color: #20124d; font-family: &quot;arial&quot; , &quot;helvetica&quot; , sans-serif;\">Bergische Heideterrasse<\/span><\/p>\n<p><span style=\"color: #20124d; font-family: arial, helvetica, sans-serif;\" data-blogger-escaped-style=\"color: #20124d; font-family: &quot;arial&quot; , &quot;helvetica&quot; , sans-serif;\">Tour de Ruhr<\/span><\/p>\n<p><span style=\"font-family: arial, helvetica, sans-serif;\" data-blogger-escaped-style=\"font-family: &quot;arial&quot; , &quot;helvetica&quot; , sans-serif;\">Schlo\u00df Morsbroich<\/span><\/p>\n<p><span style=\"font-family: arial, helvetica, sans-serif;\" data-blogger-escaped-style=\"font-family: &quot;arial&quot; , &quot;helvetica&quot; , sans-serif;\">An Rhein und Erft<\/span><\/p>\n<p><span style=\"font-family: arial, helvetica, sans-serif;\" data-blogger-escaped-style=\"font-family: &quot;arial&quot; , &quot;helvetica&quot; , sans-serif;\">Nordkanal- Niers &#8211; Schlo\u00df Rheydt &#8211; Schlo\u00df Liedberg<\/span><\/p>\n<p><span style=\"font-family: arial, helvetica, sans-serif;\" data-blogger-escaped-style=\"font-family: Arial, Helvetica, sans-serif;\">6-Seen-Platte und Schlo\u00df Heltorf<\/span><\/p>\n<p><span style=\"font-family: arial, helvetica, sans-serif;\">Rundtour Duisburg\u00a0Orsoy Walsum<\/span><\/p>\n<p><span style=\"font-family: arial, helvetica, sans-serif;\">Uerdingen-Tour<\/span><\/p>\n","protected":false},"excerpt":{"rendered":"<p>&nbsp; Die Radtouristik-Gruppe der Naturfreunde D\u00fcsseldorf &#8211; Soziale Pedale &#8211; unternimmt zwischen M\u00e4rz und Oktober an jedem 4. Sonntag im<\/p>\n","protected":false},"author":1,"featured_media":0,"comment_status":"closed","ping_status":"closed","sticky":false,"template":"","format":"standard","meta":{"colormag_page_container_layout":"no_sidebar_full_width","colormag_page_sidebar_layout":"right_sidebar","footnotes":""},"categories":[8],"tags":[],"class_list":["post-376","post","type-post","status-publish","format-standard","hentry","category-tagestouren"],"_links":{"self":[{"href":"https:\/\/pedaljunkie.de\/index.php?rest_route=\/wp\/v2\/posts\/376"}],"collection":[{"href":"https:\/\/pedaljunkie.de\/index.php?rest_route=\/wp\/v2\/posts"}],"about":[{"href":"https:\/\/pedaljunkie.de\/index.php?rest_route=\/wp\/v2\/types\/post"}],"author":[{"embeddable":true,"href":"https:\/\/pedaljunkie.de\/index.php?rest_route=\/wp\/v2\/users\/1"}],"replies":[{"embeddable":true,"href":"https:\/\/pedaljunkie.de\/index.php?rest_route=%2Fwp%2Fv2%2Fcomments&post=376"}],"version-history":[{"count":31,"href":"https:\/\/pedaljunkie.de\/index.php?rest_route=\/wp\/v2\/posts\/376\/revisions"}],"predecessor-version":[{"id":1344,"href":"https:\/\/pedaljunkie.de\/index.php?rest_route=\/wp\/v2\/posts\/376\/revisions\/1344"}],"wp:attachment":[{"href":"https:\/\/pedaljunkie.de\/index.php?rest_route=%2Fwp%2Fv2%2Fmedia&parent=376"}],"wp:term":[{"taxonomy":"category","embeddable":true,"href":"https:\/\/pedaljunkie.de\/index.php?rest_route=%2Fwp%2Fv2%2Fcategories&post=376"},{"taxonomy":"post_tag","embeddable":true,"href":"https:\/\/pedaljunkie.de\/index.php?rest_route=%2Fwp%2Fv2%2Ftags&post=376"}],"curies":[{"name":"wp","href":"https:\/\/api.w.org\/{rel}","templated":true}]}}