{"id":680,"date":"2019-09-24T23:08:09","date_gmt":"2019-09-24T23:08:09","guid":{"rendered":"https:\/\/pedaljunkie.de\/?p=680"},"modified":"2020-08-10T16:54:43","modified_gmt":"2020-08-10T16:54:43","slug":"tour-de-ruhr","status":"publish","type":"post","link":"https:\/\/pedaljunkie.de\/?p=680","title":{"rendered":"Tour de Ruhr"},"content":{"rendered":"<div class=\"post-body-container\">\n<div id=\"post-body-3160565599213252073\" class=\"post-body entry-content float-container\">\n<div><\/div>\n<div style=\"text-align: justify;\"><span style=\"font-family: arial, helvetica, sans-serif; color: #003366;\">Der letzte Sonntag im M\u00e4rz 2017 ist f\u00fcr alle 10 Teilnehmer meiner Ruhr-Radtour ein herrlicher sonniger Urlaubstag im Fahrradsattel. \u00a0In D\u00fcsseldorf-Garath steigen bereits zwei Begleiter mit mir in die S-Bahn. \u00a0In Benrath gesellen sich zwei Mitreisende dazu, dann f\u00fcllt sich das Fahrradabteil bis zum Hauptbahnhof mit weiteren Teilnehmern nebst R\u00e4dern, \u00a0die alle ein Ziel haben: \u00a0den Bahnhof von Kettwig, von dem aus unsere Tour de Ruhr startet. \u00a0 \u00a0<\/span><\/div>\n<div><span style=\"color: #ffffff;\">alt<\/span><\/div>\n<div class=\"separator\" style=\"text-align: justify;\"><\/div>\n<div style=\"text-align: justify;\"><span style=\"font-family: arial, helvetica, sans-serif; color: #003366;\"><img loading=\"lazy\" decoding=\"async\" class=\"alignleft size-full wp-image-813\" src=\"https:\/\/pedaljunkie.de\/wp-content\/uploads\/2019\/09\/TdeR1.jpg\" alt=\"\" width=\"320\" height=\"240\" \/>Ab Kettwig fahren wir auf dem Ruhr-Radweg flu\u00dfaufw\u00e4rts in Richtung Essen-Werden, passieren linksseitig den Kattenturm, die Ruine eines ehemaligen Wohnturms, im weiteren Verlauf folgt auf der rechten Seite des Radwegs die erste Schleuse. \u00a0Die kleine wei\u00dfe Zugbr\u00fccke vor der Schleuse l\u00e4dt direkt zum Fotografieren ein. \u00a0 Auf dem ruhigen Flu\u00df kommen uns bereits einige Enten und Schw\u00e4ne entgegen, die uns Passanten neugierig begr\u00fc\u00dfen. \u00a0Bald fahren wir \u00fcber die Ruhrbr\u00fccke und durch die Altstadt Werden weitr\u00e4umig an meinem Lieblings-Eiscaf\u00e9 vorbei, aber gottseidank ist es noch zu fr\u00fch zum Eisessen. Wir n\u00e4hern uns der S\u00fcdseite des Baldeney-Sees, dem Hardenbergufer: hier sahen wir im Oktober zwei schwarze Schw\u00e4ne, die sich allerdings heute nicht hier aufhalten. Auf dem See rudert ein sportliches Achter-Team. Zahlreiche Segelboote sind vor dem Regattahaus am gegen\u00fcberliegenden Ufer verankert. \u00a0Hoch auf dem gegen\u00fcberliegenden H\u00fcgel erhebt sich die Villa H\u00fcgel. \u00a0<\/span><\/div>\n<div><\/div>\n<div class=\"separator\" style=\"text-align: justify;\"><span style=\"color: #ffffff;\">alt<\/span><\/div>\n<div><\/div>\n<div style=\"text-align: justify;\"><span style=\"font-family: arial, helvetica, sans-serif; color: #003366;\"><img loading=\"lazy\" decoding=\"async\" class=\"alignright size-full wp-image-814\" src=\"https:\/\/pedaljunkie.de\/wp-content\/uploads\/2019\/09\/TdeR2.jpg\" alt=\"\" width=\"320\" height=\"240\" \/>Ich habe schon mit gewisser Absicht den M\u00e4rz f\u00fcr diese Tour ausgesucht, denn mit jedem warmen Sonnenstrahl mehren sich hier die Besucher so, dass man ab Mai bis September an einigen Stellen nur noch schwer mit dem Rad durchkommt. Noch ist diese Ruhe hier eine Wohltat. \u00a0<\/span><\/div>\n<div><span style=\"color: #ffffff;\">alt<\/span><\/div>\n<div style=\"text-align: justify;\"><span style=\"font-family: arial, helvetica, sans-serif; color: #003366;\">Wir n\u00e4hern uns dem Ortsteil Kupferdreh mit seiner lang gestreckten Eisenbahnbr\u00fccke zum Ortsteil Heisingen. \u00a0Gegen\u00fcber liegt ein Vogelschutzgebiet, in dem sich gerade einige Kormorane aufhalten. \u00a0Unsere Tour f\u00fchrt \u00fcber diese Br\u00fccke, und nach einigen hundert Meter pr\u00e4sentiert uns Johannes eine ehemalige St\u00e4tte aus der Essener Zeit des Kohleabbaus: \u00a0einige Loren stehen hier zur Besichtigung bereit. \u00a0<\/span><span style=\"font-family: arial, helvetica, sans-serif; color: #003366;\">Wir befinden uns auf H\u00f6he einer Kl\u00e4ranlage und wenden uns wieder Richtung Ufer. Hier pausieren wir am F\u00e4hrhaus Rote M\u00fchle. \u00a0<\/span><span style=\"font-family: arial, helvetica, sans-serif; color: #003366;\">Volker hat anl\u00e4sslich seines Geburtstags eine Flasche Sekt plus Pappbecher mitgebracht, so dass die Flasche nun bei herrlichstem Wetter und\u00a0<\/span><span style=\"font-family: arial, helvetica, sans-serif; color: #003366;\">begleitendem G\u00e4nsegeschnatter die Runde macht. \u00a0<\/span><span style=\"font-family: arial, helvetica, sans-serif; color: #003366;\">Das Lokal ist noch geschlossen, so dass wir uns ein wenig ausbreiten k\u00f6nnen. \u00a0Solch einen au\u00dfergew\u00f6hnlichen Geburtstag habe ich bisher noch nicht erlebt.\u00a0 \u00a0<\/span><\/div>\n<div style=\"text-align: justify;\"><span style=\"font-family: arial, helvetica, sans-serif; color: #003366;\"><span style=\"color: #ffffff;\">alt\u00a0 \u00a0 \u00a0<\/span> \u00a0 \u00a0 \u00a0 \u00a0 \u00a0 \u00a0\u00a0<\/span><\/div>\n<div style=\"text-align: justify;\"><\/div>\n<div style=\"text-align: justify;\"><span style=\"font-family: arial, helvetica, sans-serif; color: #003366;\"><img loading=\"lazy\" decoding=\"async\" class=\"size-full wp-image-815 alignleft\" src=\"https:\/\/pedaljunkie.de\/wp-content\/uploads\/2019\/09\/TdeR3-e1570703658590.jpg\" alt=\"\" width=\"350\" height=\"263\" \/><span style=\"font-size: 16px;\">Bald ziehen wir weiter in Richtung \u00dcberruhr. Hier passieren wir eine kleine Br\u00fccke \u00fcber einen idyllisch gelegenen Seitenarm der Ruhr, in dem sich die Natur gut ausbreiten kann. Der Radweg f\u00fchrt l\u00e4ngere Zeit direkt am Wasser entlang, bis wir auf auf eine Bundesstra\u00dfe sto\u00dfen, die wir \u00fcberqueren und weiter auf einer Fahrradstra\u00dfe namens &#8222;Zornige Ameise&#8220; in Richtung Essen-Steele weiterfahren. \u00a0 In Steele \u00fcberqueren wir noch einmal die Ruhr auf die s\u00fcdliche Seite und fahren in absoluter Natursch\u00f6nheit \u00fcber Steele-Horst in Richtung Bochum-Dahlhausen an einigen Staustufen vorbei, an einem gegen\u00fcberliegenden Campingplatz, den Conny uns bereits im letzten Jahr vorgestellt hat: einige kleine bunt angestrichene Zugwaggons dienen hier als Campingwagen. \u00a0 Dann folgt wiederum gegen\u00fcber das Kraftwerk Horster M\u00fchle, bis wir von Schw\u00e4nen begleitet zu unserem Mittagspausenlokal &#8222;Ponton&#8220; gelangen, wo wir nach 30 km gerne einkehren.\u00a0<\/span><\/span><\/div>\n<div><span style=\"color: #ffffff;\">alt<\/span><\/div>\n<div style=\"text-align: justify;\">\n<div class=\"separator\"><\/div>\n<p><span style=\"font-family: arial, helvetica, sans-serif; color: #003366; font-size: 16px;\"><img loading=\"lazy\" decoding=\"async\" class=\"alignright size-full wp-image-816\" src=\"https:\/\/pedaljunkie.de\/wp-content\/uploads\/2019\/09\/TdeR4.jpg\" alt=\"\" width=\"320\" height=\"240\" \/>Unser Tourenabschnitt an der Ruhr ist damit auch abgeschlossen, denn nun wenden wir uns der Springorum-Bahntrasse zu, die im Ortsteil Bochum-Dahlhausen beginnt und im Verlauf von 5 km bis zu einer Gro\u00dfbaustelle schleichend bergan f\u00fchrt. \u00a0Sie steigt um nur\u00a0einen Prozentpunkt, aber man sp\u00fcrt sie ein wenig in den Beinen, zumal die Muskeln nach der Pause wieder ein wenig m\u00fcde geworden sind. \u00a0 Gut beschilderte Umleitungen f\u00fchren geradewegs auf den neu ausgebauten Teil der Springorum-Bahntrasse, die durch rot-wei\u00dfe Planken gekennzeichnet ist. \u00a0Wir fahren also auf einer ehemaligen Bahntrasse, die seit kurzer Zeit mit \u00f6ffentlichen Mitteln in einen sehr attraktiven Radweg umgebaut wurde. \u00a0Auch Fu\u00dfg\u00e4nger und Inlineskater frequentieren diesen prima Weg, der in Nords\u00fcdrichtung durch die Stadt Bochum f\u00fchrt. \u00a0 Unter Umgehung des Bochumer Hauptbahnhofs gelangen wir auf guten breiten Fahrradstreifen &#8211; der Stadt Bochum sei an dieser Stelle hierf\u00fcr gedankt &#8211; zum Bahnhof West und zur Jahrhunderthalle, wo unser Weg auf die Erzbahntrasse f\u00fchrt. \u00a0\u00dcber 17 km und 18 teilweise geschwungener freitragender Br\u00fccken genie\u00dfen wir jeden Meter auf dieser h\u00fcbschen Trasse, die bis \u00a0zum Rhein-Herne-Kanal f\u00fchrt. \u00a0Hier lassen wir unsere Seelen baumeln und k\u00f6nnen vom Alltag abschalten. \u00a0Die Sonne bringt heute viel Farbe in die Umgebung, so dass alles Bl\u00fchende noch viel farbenfroher wirkt und dem Urlaubstag einen besonderen Erholungswert gibt. \u00a0Unser R\u00fcckweg f\u00fchrt ein St\u00fcck durch Wanne-Eickel zum Hauptbahnhof, von wo aus wir mit regionalen Z\u00fcgen &#8211; normalerweise in einem Zug &#8211; nach D\u00fcsseldorf gelangen. \u00a0<\/span><\/p>\n<\/div>\n<div style=\"text-align: justify;\"><span style=\"color: #ffffff;\">alt<\/span><\/div>\n<p><span style=\"font-family: arial, helvetica, sans-serif; color: #003366; font-size: 16px;\"><img loading=\"lazy\" decoding=\"async\" class=\"size-full wp-image-817 alignleft\" src=\"https:\/\/pedaljunkie.de\/wp-content\/uploads\/2019\/09\/TdeR5.jpg\" alt=\"\" width=\"320\" height=\"240\" \/>Sch\u00f6n, dass Ihr mitgefahren seid. \u00a0 Wer die Tour gerne mal nachfahren m\u00f6chte, der kann mich anschreiben, ich sende sie Euch gerne zu.\u00a0 Leider existiert GSPIES nicht mehr in der gewohnten Qualit\u00e4t.\u00a0<\/span><\/p>\n<\/div>\n<p><span style=\"color: #ffffff;\">alt<\/span><\/p>\n<p><span style=\"font-family: arial, helvetica, sans-serif; color: #003366; font-size: 16px;\">Diese Tour testete ich im Oktober 2016, bei der ich diesen wundervollen Blick auf die morgendliche Ruhr-Aue in M\u00fclheim genie\u00dfen konnte.<\/span><\/p>\n<div class=\"post-sidebar\" style=\"text-align: justify;\">\n<div class=\"post-share-buttons post-share-buttons-top\">\n<div class=\"byline post-share-buttons goog-inline-block\">\n<div class=\"sharing\" aria-owns=\"sharing-popup-Blog1-normalpostsidebar-3160565599213252073\" data-title=\"Tour de Ruhr\"><\/div>\n<\/div>\n<\/div>\n<\/div>\n<\/div>\n<div class=\"post-bottom\">\n<div class=\"post-footer\" style=\"text-align: justify;\">\n<div class=\"post-footer-line post-footer-line-1\"><\/div>\n<div class=\"post-footer-line post-footer-line-2\"><\/div>\n<\/div>\n<div class=\"post-share-buttons post-share-buttons-bottom\">\n<div class=\"byline post-share-buttons goog-inline-block\" style=\"text-align: justify;\"><\/div>\n<\/div>\n<\/div>\n","protected":false},"excerpt":{"rendered":"<p>Der letzte Sonntag im M\u00e4rz 2017 ist f\u00fcr alle 10 Teilnehmer meiner Ruhr-Radtour ein herrlicher sonniger Urlaubstag im Fahrradsattel. \u00a0In<\/p>\n","protected":false},"author":1,"featured_media":0,"comment_status":"closed","ping_status":"closed","sticky":false,"template":"","format":"standard","meta":{"colormag_page_container_layout":"default_layout","colormag_page_sidebar_layout":"default_layout","footnotes":""},"categories":[8],"tags":[],"class_list":["post-680","post","type-post","status-publish","format-standard","hentry","category-tagestouren"],"_links":{"self":[{"href":"https:\/\/pedaljunkie.de\/index.php?rest_route=\/wp\/v2\/posts\/680"}],"collection":[{"href":"https:\/\/pedaljunkie.de\/index.php?rest_route=\/wp\/v2\/posts"}],"about":[{"href":"https:\/\/pedaljunkie.de\/index.php?rest_route=\/wp\/v2\/types\/post"}],"author":[{"embeddable":true,"href":"https:\/\/pedaljunkie.de\/index.php?rest_route=\/wp\/v2\/users\/1"}],"replies":[{"embeddable":true,"href":"https:\/\/pedaljunkie.de\/index.php?rest_route=%2Fwp%2Fv2%2Fcomments&post=680"}],"version-history":[{"count":8,"href":"https:\/\/pedaljunkie.de\/index.php?rest_route=\/wp\/v2\/posts\/680\/revisions"}],"predecessor-version":[{"id":1337,"href":"https:\/\/pedaljunkie.de\/index.php?rest_route=\/wp\/v2\/posts\/680\/revisions\/1337"}],"wp:attachment":[{"href":"https:\/\/pedaljunkie.de\/index.php?rest_route=%2Fwp%2Fv2%2Fmedia&parent=680"}],"wp:term":[{"taxonomy":"category","embeddable":true,"href":"https:\/\/pedaljunkie.de\/index.php?rest_route=%2Fwp%2Fv2%2Fcategories&post=680"},{"taxonomy":"post_tag","embeddable":true,"href":"https:\/\/pedaljunkie.de\/index.php?rest_route=%2Fwp%2Fv2%2Ftags&post=680"}],"curies":[{"name":"wp","href":"https:\/\/api.w.org\/{rel}","templated":true}]}}