{"id":712,"date":"2019-09-25T18:10:43","date_gmt":"2019-09-25T18:10:43","guid":{"rendered":"https:\/\/pedaljunkie.de\/?p=712"},"modified":"2019-10-10T18:08:05","modified_gmt":"2019-10-10T18:08:05","slug":"uerdingen-tour","status":"publish","type":"post","link":"https:\/\/pedaljunkie.de\/?p=712","title":{"rendered":"Uerdingen-Tour"},"content":{"rendered":"<p style=\"text-align: justify;\"><span style=\"font-family: arial, helvetica, sans-serif; font-size: 16px; color: #003366;\"><img loading=\"lazy\" decoding=\"async\" class=\"alignleft size-full wp-image-900\" src=\"https:\/\/pedaljunkie.de\/wp-content\/uploads\/2019\/09\/UET1-e1570730695271.jpg\" alt=\"\" width=\"350\" height=\"263\" \/>Diese von Birgit und Volker gef\u00fchrte Tour ist bei vielen Naturfreunden schon fast ein j\u00e4hrliches Muss, ein Anfrage:\u00a0 wann gehts denn wieder nach Uerdingen? Ob es an der wunderbaren Strecke \u00fcber Kaiserswerth nach Wittlaer oder \u00fcberhaupt am Rhein liegt? Wir werden sehen.\u00a0 Wer aus dem S\u00fcden D\u00fcsseldorfs kommt, so wie die f\u00fcnf Standard-Uerdingen-Fahrer, hat ein paar Kilometer Anfahrtsweg zu fahren, denn der Startpunkt f\u00fcr diese Tour liegt am Schlo\u00dfturm in der D\u00fcsseldorfer Altstadt.\u00a0 Je nach Wetterlage, stabil oder auch nicht, fahren unter Umst\u00e4nden 10 bis 12 Leute mit. Mit ganz viel Gl\u00fcck f\u00e4hrt die Sonne auch mit und sorgt f\u00fcr ein wenig Nebel auf dem Gew\u00e4sser und sp\u00e4ter f\u00fcr die besseren Fotos.\u00a0\u00a0<\/span><\/p>\n<p style=\"text-align: justify;\"><span style=\"font-family: arial, helvetica, sans-serif; font-size: 16px; color: #ffffff;\">alt\u00a0<\/span><\/p>\n<p style=\"text-align: justify;\"><span style=\"font-family: arial, helvetica, sans-serif; font-size: 16px; color: #003366;\"><img loading=\"lazy\" decoding=\"async\" class=\"alignright size-full wp-image-901\" src=\"https:\/\/pedaljunkie.de\/wp-content\/uploads\/2019\/09\/UET2-e1570730738450.jpg\" alt=\"\" width=\"350\" height=\"263\" \/>Auf in die Startl\u00f6cher &#8211; es geht rheinabw\u00e4rts rechtsrheinisch nach Kaiserswerth &#8211; die meisten Br\u00fccken der 7-Br\u00fccken-Tour haben wir heute auch schon passiert.\u00a0 Bis zur Messe ist der Weg nicht ganz schnurgerade, mal schmal auf Asche, mal auf Asphalt, dann wird er angenehm breit und f\u00fchrt unter der Flughafenbr\u00fccke hindurch, wo uns direkt einige Inline-Skater entgegenkommen.\u00a0 Dr\u00fcben auf der anderen Rheinseite liegen L\u00f6rick und Lank-Latum. Der Schiffahrtsbetrieb kommt langsam in Gang, so weit das Auge reicht, Auen und Weiden. Ich mag auch so sehr den Duft des Rheins. Bei der Ankunft in Kaiserswerth folgt eine Futterpause. Sch\u00f6n, wenn man hier am Computer sitzt und mit der Maus \u00fcber die Landkarte mitfahren kann, dann fehlt nur noch der Duft des Rheins und die nette Gesellschaft.\u00a0\u00a0\u00a0<\/span><\/p>\n<p style=\"text-align: justify;\"><span style=\"font-family: arial, helvetica, sans-serif; font-size: 16px; color: #003366;\">\u00a0<\/span><span style=\"font-family: arial, helvetica, sans-serif; font-size: 16px; color: #ffffff;\">alt\u00a0<\/span><\/p>\n<p style=\"text-align: justify;\"><span style=\"font-family: arial, helvetica, sans-serif; font-size: 16px; color: #003366;\"><img loading=\"lazy\" decoding=\"async\" class=\"alignleft size-full wp-image-902\" src=\"https:\/\/pedaljunkie.de\/wp-content\/uploads\/2019\/09\/UET3-e1570730776790.jpg\" alt=\"\" width=\"350\" height=\"263\" \/>Ab Kaiserswerth bis Wittlaer fahren wir das sch\u00f6nste St\u00fcck Radweg, das D\u00fcsseldorf zu bieten hat, landschaftlich eine Perle, alleine schon der Blick in die Rheinb\u00f6gen oder auf den anvisierten Stadtteil Wittlaer l\u00e4sst das Herz h\u00f6her schlagen.\u00a0 Neu an Wittlaer ist, dass der Rhein-Radweg bis zum Biergarten inzwischen ausgebaut wurde, so dass man sich die Fahrt durch den Ort sparen kann. Jenseits des Biergartens bis Duisburg-Serm und -M\u00fcndelheim sind noch Fahrten \u00fcber die Felder geboten, da man ansonsten mit den R\u00e4dern \u00fcber Z\u00e4une klettern muss.\u00a0 Die Industriekulisse Duisburger Schwerindustrie-Anlagen neben den verschlafenen Rheinauen ist allerdings auch einen kurzen Halt wert. In M\u00fcndelheim und Serm n\u00e4hern wir uns so allm\u00e4hlich der imposanten Br\u00fccke nach Uerdingen &#8211; auch hier ist der Radverkehr zur Br\u00fccke hin inzwischen besser geregelt. Von der Br\u00fccke aus sehen wir ein buntes Panorama:\u00a0 die Anlegestellen von Uerdingen mit all seinen historischen Geb\u00e4uden, die umstrukturierte Dujardin-Fabrik, in der wir heute einkehren, dahinter leuchtet die Bayer-Fabrik mit ihren rauchenden Schloten, der Duft nach Hopfen und Malz vermischt sich mit aufsteigenden Dunst aus dem Rhein. Dieses bunte Nebeneinander aller Kulturmerkmale um Uerdingen herum wirkt so anziehend, dass wir es inzwischen\u00a0 in regelm\u00e4ssigen Abst\u00e4nden brauchen.\u00a0<\/span><\/p>\n<p style=\"text-align: justify;\"><span style=\"font-family: arial, helvetica, sans-serif; font-size: 16px; color: #003366;\">\u00a0\u00a0<\/span><span style=\"font-family: arial, helvetica, sans-serif; font-size: 16px; color: #003366;\"> <span style=\"font-family: arial, helvetica, sans-serif; font-size: 16px; color: #ffffff;\">alt\u00a0<\/span><\/span><\/p>\n<p style=\"text-align: justify;\"><span style=\"font-family: arial, helvetica, sans-serif; font-size: 16px; color: #003366;\"><img loading=\"lazy\" decoding=\"async\" class=\"alignright size-full wp-image-903\" src=\"https:\/\/pedaljunkie.de\/wp-content\/uploads\/2019\/09\/UET4-e1570730825517.jpg\" alt=\"\" width=\"350\" height=\"263\" \/>Direkt hinter der Br\u00fccke fahren wir rechts zum Uerdinger Markt.\u00a0 Bei fr\u00fcheren Touren hierhin kehrten wir am Markt bzw. neben der Kirche ein.\u00a0 Einmal kam eine Gruppe Kirchenbesucher an uns vor\u00fcber und der hiesige Pfarrer hat unsere Fahrr\u00e4der mit Weihwasser gesegnet.\u00a0 Volkers Rad hat ein paar Spritzer mehr davon abbekommen als alle anderen. Vielleicht kommen wir ja auch deshalb so gerne hier hin?\u00a0 Aber heute fahren wir durch die Marktstra\u00dfe auf die Dujardin-Fabrik zu, deren Kupferkessel heute noch ausgestellt werden. F\u00fcr eine Mittagspause kann man von Fr\u00fchjahr bis Herbst drau\u00dfen sitzen, die Gastronomie ist ganz gut, auch f\u00fcr Vegetarier sind mehrere Gerichte im Angebot, die Getr\u00e4nke aus eigener Herstellung tuen besonders gut. \u00a0 Beim letzten Besuch konnten wir den Aktionen einer Sportgruppe zusehen, die im Hof ihre \u00dcbungen machte.\u00a0\u00a0\u00a0\u00a0\u00a0\u00a0\u00a0\u00a0\u00a0\u00a0\u00a0\u00a0<\/span><\/p>\n<p style=\"text-align: justify;\"><span style=\"font-family: arial, helvetica, sans-serif; font-size: 16px; color: #003366;\">\u00a0<\/span><span style=\"font-family: arial, helvetica, sans-serif; font-size: 16px; color: #ffffff;\">alt\u00a0<\/span><\/p>\n<p style=\"text-align: justify;\"><span style=\"font-family: arial, helvetica, sans-serif; font-size: 16px; color: #003366;\"><img loading=\"lazy\" decoding=\"async\" class=\"alignleft size-full wp-image-904\" src=\"https:\/\/pedaljunkie.de\/wp-content\/uploads\/2019\/09\/UET5-e1570730867229.jpg\" alt=\"\" width=\"350\" height=\"263\" \/>Von nun an geht der Weg zur\u00fcck, zuerst verweilen wir noch am Rheinufer, denn auch dort \u00fcben sich einige Spezialisten im Balancieren auf Br\u00fcckengel\u00e4ndern.\u00a0 Noch genie\u00dfen wir die vielf\u00e4ltige Landschaft, den Blick auf die Br\u00fccke, bevor wir Richtung Hafen die kleine Jugendstil-Br\u00fccke anpeilen, die wir \u00fcberqueren, um auf den Lohauser Deich zu gelangen.\u00a0 Der Lohauser Deich wurde vor einigen Jahren ausgebaut, so dass man in Rheinn\u00e4he mit Blick auf die Sehensw\u00fcrdigkeiten auf der rechten Seite bis auf H\u00f6he von Oberkassel durchfahren kann. Eigentlich kann man hier den Lenker festbinden und ein Mittagsschl\u00e4fchen halten, wenn man nicht auf den Gegenverkehr achten m\u00fcsste.\u00a0 Auch dieser Weg ist sehr beliebt und viel befahren, vor allem sonntags. So bleiben wir zusammen, halten hier und da mal an, blicken zur\u00fcck bzw. werden sp\u00e4testens auf H\u00f6he des Flughafens wach, weil uns die Flieger \u00fcber dem Kopf wegbrausen. Bis zur Stadt und bis zum geliebten Eis ist es nicht mehr weit.\u00a0\u00a0<\/span><\/p>\n<p><span style=\"font-family: arial, helvetica, sans-serif; font-size: 16px; color: #ffffff;\">alt\u00a0<\/span><\/p>\n<p style=\"text-align: justify;\"><span style=\"font-family: arial, helvetica, sans-serif; font-size: 16px; color: #003366;\">Danke an Birgit und Volker, dass Ihr uns regelm\u00e4ssig mitnehmt.\u00a0 Die Tour ist einfach spitze !<\/span><\/p>\n<p style=\"text-align: justify;\"><span style=\"font-family: arial, helvetica, sans-serif; font-size: 16px; color: #003366;\">\u00a0<\/span><\/p>\n","protected":false},"excerpt":{"rendered":"<p>Diese von Birgit und Volker gef\u00fchrte Tour ist bei vielen Naturfreunden schon fast ein j\u00e4hrliches Muss, ein Anfrage:\u00a0 wann gehts<\/p>\n","protected":false},"author":1,"featured_media":0,"comment_status":"closed","ping_status":"closed","sticky":false,"template":"","format":"standard","meta":{"colormag_page_container_layout":"default_layout","colormag_page_sidebar_layout":"default_layout","footnotes":""},"categories":[8],"tags":[],"class_list":["post-712","post","type-post","status-publish","format-standard","hentry","category-tagestouren"],"_links":{"self":[{"href":"https:\/\/pedaljunkie.de\/index.php?rest_route=\/wp\/v2\/posts\/712"}],"collection":[{"href":"https:\/\/pedaljunkie.de\/index.php?rest_route=\/wp\/v2\/posts"}],"about":[{"href":"https:\/\/pedaljunkie.de\/index.php?rest_route=\/wp\/v2\/types\/post"}],"author":[{"embeddable":true,"href":"https:\/\/pedaljunkie.de\/index.php?rest_route=\/wp\/v2\/users\/1"}],"replies":[{"embeddable":true,"href":"https:\/\/pedaljunkie.de\/index.php?rest_route=%2Fwp%2Fv2%2Fcomments&post=712"}],"version-history":[{"count":3,"href":"https:\/\/pedaljunkie.de\/index.php?rest_route=\/wp\/v2\/posts\/712\/revisions"}],"predecessor-version":[{"id":905,"href":"https:\/\/pedaljunkie.de\/index.php?rest_route=\/wp\/v2\/posts\/712\/revisions\/905"}],"wp:attachment":[{"href":"https:\/\/pedaljunkie.de\/index.php?rest_route=%2Fwp%2Fv2%2Fmedia&parent=712"}],"wp:term":[{"taxonomy":"category","embeddable":true,"href":"https:\/\/pedaljunkie.de\/index.php?rest_route=%2Fwp%2Fv2%2Fcategories&post=712"},{"taxonomy":"post_tag","embeddable":true,"href":"https:\/\/pedaljunkie.de\/index.php?rest_route=%2Fwp%2Fv2%2Ftags&post=712"}],"curies":[{"name":"wp","href":"https:\/\/api.w.org\/{rel}","templated":true}]}}