{"id":717,"date":"2019-09-25T23:23:04","date_gmt":"2019-09-25T23:23:04","guid":{"rendered":"https:\/\/pedaljunkie.de\/?p=717"},"modified":"2020-08-10T16:47:59","modified_gmt":"2020-08-10T16:47:59","slug":"auf-den-spuren-von-joseph-beuys","status":"publish","type":"post","link":"https:\/\/pedaljunkie.de\/?p=717","title":{"rendered":"Auf den Spuren von Joseph Beuys"},"content":{"rendered":"<p style=\"text-align: justify;\"><span style=\"font-family: arial, helvetica, sans-serif; font-size: 16px; color: #003366;\"><img loading=\"lazy\" decoding=\"async\" class=\"alignleft size-full wp-image-809\" src=\"https:\/\/pedaljunkie.de\/wp-content\/uploads\/2019\/09\/StefanFoto1.jpg\" alt=\"\" width=\"356\" height=\"267\" srcset=\"https:\/\/pedaljunkie.de\/wp-content\/uploads\/2019\/09\/StefanFoto1.jpg 356w, https:\/\/pedaljunkie.de\/wp-content\/uploads\/2019\/09\/StefanFoto1-340x255.jpg 340w\" sizes=\"(max-width: 356px) 100vw, 356px\" \/>Am vierten Sonntag im September 2019 treffen sich acht routinierte RadfahrerInnen, um sich unter der Leitung von Stefan Schmitz einige sehenswerte Kunstwerke unter\u00a0 anderem des K\u00fcnstlers Joseph Beuys (1921-1986) zu vergegenw\u00e4rtigen.\u00a0\u00a0<\/span><\/p>\n<p style=\"text-align: justify;\"><span style=\"font-family: arial, helvetica, sans-serif; font-size: 16px; color: #ffffff;\">\u00a0\u00a0\u00a0wei\u00df<\/span><\/p>\n<p style=\"text-align: justify;\"><span style=\"font-family: arial, helvetica, sans-serif; font-size: 16px; color: #003366;\"><img loading=\"lazy\" decoding=\"async\" class=\"size-full wp-image-810 alignright\" src=\"https:\/\/pedaljunkie.de\/wp-content\/uploads\/2019\/09\/TurmMeerbusch.jpg\" alt=\"\" width=\"356\" height=\"267\" srcset=\"https:\/\/pedaljunkie.de\/wp-content\/uploads\/2019\/09\/TurmMeerbusch.jpg 356w, https:\/\/pedaljunkie.de\/wp-content\/uploads\/2019\/09\/TurmMeerbusch-340x255.jpg 340w\" sizes=\"(max-width: 356px) 100vw, 356px\" \/>\u00dcber die Oberkasseler Br\u00fccke gelangen wir auf die linke Rheinseite und fahren n\u00f6rdlich von Niederkassel auf den neu ausgebauten Rheindamm \u00fcber L\u00f6rick nach Meerbusch.\u00a0 Hier biegen wir nach links ab in den Ort B\u00fcderich, wo wir nach kurzer Fahrt auf einer Bundesstra\u00dfe zu unserem ersten Mahnmal gelangen: einem aus gelbem Sandstein errichteten ehemaligen Kirchturm romanischer Bauweise.\u00a0 Vor einigen hundert Jahren stand hier eine katholische Kirche, die nach dem Namen des Schutzpatrons St. Mauritius genannt wurde. St. Mauritius war vor allem der Schutzpatron der Soldaten. Nach mehrmaligen Zerst\u00f6rungen, darunter auch einem Brand, wurde die Kirche an dieser Stelle nicht mehr aufgebaut, sondern weiter im Ortskern neu erbaut.\u00a0 Der Turm blieb stehen und diente nach dem letzten Weltkrieg als Trafo-Station. Dann bat die Stadt mehrere K\u00fcnstler um Vorschl\u00e4ge, diesen ungenutzten Turm nach ihrer Facon zu gestalten, und entschied sich f\u00fcr den Vorschlag von Joseph Beuys, den Sch\u00fcler von Ewald Matar\u00e9.\u00a0\u00a0<\/span><\/p>\n<p style=\"text-align: justify;\"><span style=\"font-family: arial, helvetica, sans-serif; font-size: 16px; color: #ffffff;\">alt<\/span><\/p>\n<p style=\"text-align: justify;\"><span style=\"font-family: arial, helvetica, sans-serif; font-size: 16px; color: #003366;\"><img loading=\"lazy\" decoding=\"async\" class=\"alignleft size-full wp-image-803\" src=\"https:\/\/pedaljunkie.de\/wp-content\/uploads\/2019\/09\/BeuysKreuz.jpg\" alt=\"\" width=\"303\" height=\"401\" srcset=\"https:\/\/pedaljunkie.de\/wp-content\/uploads\/2019\/09\/BeuysKreuz.jpg 303w, https:\/\/pedaljunkie.de\/wp-content\/uploads\/2019\/09\/BeuysKreuz-193x255.jpg 193w\" sizes=\"(max-width: 303px) 100vw, 303px\" \/>Joseph Beuys, der damals noch unbekannte K\u00fcnstler, entwarf ein ca. 100 kg schweres Eichenholzkreuz, dessen Linien nach meinem eigenen Empfinden Z\u00fcge sowohl als Kreuz als auch als Mensch erkennen lassen, ein Auferstehungssymbol, wie er es selbst nannte. Diese Skulptur ist sein gr\u00f6\u00dftes Werk, hat also eine besondere Bedeutung. \u00a0 F\u00fcr die T\u00fcr entwarf er eine Eichentafel, in die er die Namen von \u00fcber 200 in den Kriegen gefallenen B\u00fcrgern von B\u00fcderich einritzte. Eine gewisse positive durchdringende Wirkung konnte ich w\u00e4hrend des Aufenthaltes in diesem Turm nicht leugnen. Zumindest komme ich mit dem Innehalten und der Unvoreingenommenheit seinem Werk gegen\u00fcber dem K\u00fcnstler n\u00e4her,\u00a0 nicht nur diesem Werk.\u00a0\u00a0<\/span><\/p>\n<p style=\"text-align: justify;\"><span style=\"font-family: arial, helvetica, sans-serif; font-size: 16px; color: #ffffff;\">alt<\/span><\/p>\n<p style=\"text-align: justify;\"><span style=\"color: #ffffff;\">alt<\/span><\/p>\n<p style=\"text-align: justify;\"><span style=\"font-family: arial, helvetica, sans-serif; font-size: 16px; color: #003366;\"><img loading=\"lazy\" decoding=\"async\" class=\"alignright size-full wp-image-801\" src=\"https:\/\/pedaljunkie.de\/wp-content\/uploads\/2019\/09\/BeuysEiche1.jpg\" alt=\"\" width=\"356\" height=\"267\" srcset=\"https:\/\/pedaljunkie.de\/wp-content\/uploads\/2019\/09\/BeuysEiche1.jpg 356w, https:\/\/pedaljunkie.de\/wp-content\/uploads\/2019\/09\/BeuysEiche1-340x255.jpg 340w\" sizes=\"(max-width: 356px) 100vw, 356px\" \/>Um so unangenehmer hinterl\u00e4sst der im 5-Minuten-Takt sp\u00fcrbare donnernde Flugverkehr direkt \u00fcber unseren K\u00f6pfen einen negativen unvermeidbaren Nachklang, so dass man sich drau\u00dfen\u00a0 entweder gegenseitig anbr\u00fcllen oder das Gespr\u00e4ch unterbrechen muss. Da wir uns mehrere Stunden drau\u00dfen bei sch\u00f6nstem Wetter aufhalten, kommen wir auf gef\u00fchlte ca. 40 Flieger, die ziemlich dicht \u00fcber uns hinweg dr\u00f6hnen.\u00a0 An diese Negativerscheinung k\u00f6nnte ich mich als ohnm\u00e4chtiger Anwohner niemals gew\u00f6hnen ! Div. Kontraste werden an dieser Stelle deutlich:\u00a0 sie demonstrieren eine kontr\u00e4re Einstellung gegen\u00fcber der Natur: Natursch\u00fctzer (Mensch, Klima, Umwelt, Ressourcen), zu denen auch Joseph Beuys vor mehreren Jahrzehnten geh\u00f6rte &#8211; gegen\u00fcber der destruktiven Macht der Klima-Banausen;\u00a0 Natursch\u00fctzer als Vertreter der Kriegsgegner gegen\u00fcber Gegnern der Natursch\u00fctzer, die auch gleichzeitig die Friedensbewegung massiv bek\u00e4mpfen.\u00a0\u00a0<\/span><\/p>\n<p style=\"text-align: justify;\"><span style=\"font-family: arial, helvetica, sans-serif; font-size: 16px; color: #ffffff;\">alt<\/span><\/p>\n<p style=\"text-align: justify;\"><span style=\"font-family: arial, helvetica, sans-serif; font-size: 16px; color: #003366;\"><img loading=\"lazy\" decoding=\"async\" class=\"alignleft size-full wp-image-802\" src=\"https:\/\/pedaljunkie.de\/wp-content\/uploads\/2019\/09\/BeuysGrabstein.jpg\" alt=\"\" width=\"338\" height=\"282\" srcset=\"https:\/\/pedaljunkie.de\/wp-content\/uploads\/2019\/09\/BeuysGrabstein.jpg 338w, https:\/\/pedaljunkie.de\/wp-content\/uploads\/2019\/09\/BeuysGrabstein-306x255.jpg 306w\" sizes=\"(max-width: 338px) 100vw, 338px\" \/>Wir nehmen dann Kurs auf die neue St. Mauritius-Kirche, in der soeben noch ein Gottesdienst stattfindet.\u00a0 So lassen wir uns von Stefan zu einem besonderen Friedhof f\u00fchren, auf dem einige Besonderheiten zu finden sind, die mahnend auf die Konsequenzen der letzten Kriege aufmerksam machen: \u00a0 Neben dem Haupteingang am Br\u00fchler Weg befindet sich das &#8222;Mahnmal f\u00fcr die Opfer der nationalsozialistischen Gewaltherrschaft&#8220;, das der Bildhauer Peter R\u00fcbsam (*1941), 1988 schuf. Aus sieben naturbelassenen Stelen hat er das Mahnmal zum Gedenken an den 50. Jahrestag der Reichspogromnacht 1938 geschaffen. Am Fu\u00df jedes Basalts ist eine Bronzeplatte mit den Namen von Konzentrations- und Vernichtungslagern eingelassen: Dachau, Buchenwald, Theresienstadt, Riga-Kaiserswald, Treblinka, Maidanek, Auschwitz. Die sieben Stelen sollen In der Gesamtheit\u00a0 wie ein Wall wirken, der an die Klagemauer denken l\u00e4sst. Die Anzahl der Stelen erinnert an den siebenarmigen Leuchter aus dem Tempel von Jerusalem.<\/span><\/p>\n<p style=\"text-align: justify;\"><span style=\"color: #ffffff;\"><span style=\"font-family: arial, helvetica, sans-serif; font-size: 16px;\">\u00a0<\/span><span style=\"font-family: arial, helvetica, sans-serif; font-size: 16px;\">alt<\/span><\/span><\/p>\n<p style=\"text-align: justify;\"><span style=\"font-family: arial, helvetica, sans-serif; font-size: 16px; color: #003366;\"><img loading=\"lazy\" decoding=\"async\" class=\"alignright size-full wp-image-807\" src=\"https:\/\/pedaljunkie.de\/wp-content\/uploads\/2019\/09\/Basalt.jpg\" alt=\"\" width=\"356\" height=\"267\" srcset=\"https:\/\/pedaljunkie.de\/wp-content\/uploads\/2019\/09\/Basalt.jpg 356w, https:\/\/pedaljunkie.de\/wp-content\/uploads\/2019\/09\/Basalt-340x255.jpg 340w\" sizes=\"(max-width: 356px) 100vw, 356px\" \/>1959 schuf der Matar\u00e9-Sch\u00fcler Adolf Westergerling (* 1932) das &#8222;Mahnmal f\u00fcr die Toten der beiden Weltkriege&#8220;. Die Gesamtanlage konzipierte Will Hanebal (1905-1981). Er schuf 20 Basaltlavasteine in Form des Eisernen Kreuzes und lie\u00df sie im Halbkreis um das Mahnmal aufstellen. Auf ihnen sind die Namen von Gefallenen und zivilen Kriegsopfern verzeichnet. Auf Westergerlings hoch aufragender konischer S\u00e4ule erhebt sich eine Hand mit erhobenem Zeigefinger. \u00dcber der Inschrift auf dem Sockel beschreiben Reliefs mit drastischen Szenen die Grausamkeit des Krieges.<\/span><\/p>\n<p style=\"text-align: justify;\"><span style=\"font-family: arial, helvetica, sans-serif; font-size: 16px; color: #ffffff;\">alt<\/span><\/p>\n<p style=\"text-align: justify;\"><span style=\"font-family: arial, helvetica, sans-serif; font-size: 16px; color: #ffffff;\">alt<\/span><\/p>\n<p style=\"text-align: justify;\"><span style=\"font-family: arial, helvetica, sans-serif; font-size: 16px; color: #003366;\"><img loading=\"lazy\" decoding=\"async\" class=\"alignleft wp-image-808\" src=\"https:\/\/pedaljunkie.de\/wp-content\/uploads\/2019\/09\/Finger.jpg\" alt=\"\" width=\"300\" height=\"400\" srcset=\"https:\/\/pedaljunkie.de\/wp-content\/uploads\/2019\/09\/Finger.jpg 333w, https:\/\/pedaljunkie.de\/wp-content\/uploads\/2019\/09\/Finger-191x255.jpg 191w\" sizes=\"(max-width: 300px) 100vw, 300px\" \/>Besonders bemerkenswert ist das Grabmal, das der bekannteste Matar\u00e9-Sch\u00fcler Joseph Beuys\u00a0 schuf. 1951 entstand das Grabmal f\u00fcr Fritz Niehaus. Aus einem knappen Halbkreis hebt sich ein stilisiertes Gabelkreuz mit gegeneinander versetzten Armen ab. Das Kreissegment erinnert an die Leben spendende Sonne, setzt sich aber auch unter der Erde, im Bereich des Todes, fort. Damit verweist es zeichenhaft auf den ewigen Kreislauf von Werden und Vergehen.<\/span><\/p>\n<p style=\"text-align: justify;\"><span style=\"font-family: arial, helvetica, sans-serif; font-size: 16px;\">\u00a0<\/span><\/p>\n<p style=\"text-align: justify;\"><span style=\"font-family: arial, helvetica, sans-serif; font-size: 16px; color: #003366;\">Auf dem weiteren Weg kommen wir am Wasserschlo\u00df Gut Dyckhof vorbei, welches wir allerdings nur umrunden, um uns auch die Stationen des Kreuzwegs anzusehen.\u00a0 Danach kehren wir wieder in die N\u00e4he des Ausgangspunkts zur\u00fcck, um uns nach einem gem\u00fctlichen Sitzplatz und einer willkommenen Mahlzeit umzusehen.\u00a0\u00a0<\/span><\/p>\n<p style=\"text-align: justify;\"><span style=\"font-family: arial, helvetica, sans-serif; font-size: 16px; color: #ffffff;\">alt<\/span><\/p>\n<p style=\"text-align: justify;\"><span style=\"font-family: arial, helvetica, sans-serif; font-size: 16px;\"><span style=\"color: #003366;\"><img loading=\"lazy\" decoding=\"async\" class=\"alignright wp-image-806\" src=\"https:\/\/pedaljunkie.de\/wp-content\/uploads\/2019\/09\/Division-Bell.jpg\" alt=\"\" width=\"300\" height=\"400\" srcset=\"https:\/\/pedaljunkie.de\/wp-content\/uploads\/2019\/09\/Division-Bell.jpg 352w, https:\/\/pedaljunkie.de\/wp-content\/uploads\/2019\/09\/Division-Bell-191x255.jpg 191w\" sizes=\"(max-width: 300px) 100vw, 300px\" \/>Es gibt noch einen bemerkenswerten Stein, eine Skulptur, die in Rheinn\u00e4he zwischen B\u00fcderich und D\u00fcsseldorf-L\u00f6rick am Rande eines Feldes zu sehen ist, geschaffen von Joseph Beuys.\u00a0 Die D\u00fcsseldorfer Stadtherren wollten diesen wunderbaren Stein nicht in der Stadt aufstellen, wobei den Stein bestimmt keinerlei Schuld trifft. Hier mitten in der Landschaft kommt er eh besser zur Geltung als in der \u00fcberf\u00fcllten Stadt D\u00fcsseldorf.\u00a0 \u00a0 Volker und Michael tragen noch einen Bumerang mit sich, der hier auf dem benachbarten Feld ausprobiert wird. Der Stein erinnert mich prompt an Division Bell von Pink Floyd.\u00a0<\/span>\u00a0<\/span><\/p>\n<p style=\"text-align: justify;\"><span style=\"font-family: arial, helvetica, sans-serif; font-size: 16px; color: #ffffff;\">wei\u00df<\/span><\/p>\n<p style=\"text-align: justify;\"><span style=\"font-family: arial, helvetica, sans-serif; font-size: 16px;\"><span style=\"color: #003366;\">Besonderen Dank an Stefan f\u00fcr die gute Leitung der Tour, f\u00fcr die perfekten Erl\u00e4uterungen der Werke von Joseph Beuys, den Du heute bestimmt nicht nur mir sehr viel n\u00e4her gebracht hast.\u00a0 Joseph Beuys, der K\u00fcnstler, Bildhauer, Mystiker, Kunsttheoretiker, hat bei mir heute &#8222;eine Scheibe eingeworfen&#8220;\u00a0 \ud83d\ude42\u00a0<\/span><\/span><\/p>\n<p style=\"text-align: justify;\"><span style=\"font-family: arial, helvetica, sans-serif; font-size: 16px; color: #ffffff;\">wei\u00df<\/span><\/p>\n<p style=\"text-align: justify;\"><span style=\"font-family: arial, helvetica, sans-serif; font-size: 16px; color: #003366;\">Besonderen Dank auch an Michael f\u00fcr Dein gro\u00dfz\u00fcgiges Angebot, uns alle zu Speis&#8216; und Trank einzuladen.\u00a0<\/span><\/p>\n","protected":false},"excerpt":{"rendered":"<p>Am vierten Sonntag im September 2019 treffen sich acht routinierte RadfahrerInnen, um sich unter der Leitung von Stefan Schmitz einige<\/p>\n","protected":false},"author":1,"featured_media":0,"comment_status":"closed","ping_status":"closed","sticky":false,"template":"","format":"standard","meta":{"colormag_page_container_layout":"default_layout","colormag_page_sidebar_layout":"default_layout","footnotes":""},"categories":[8],"tags":[],"class_list":["post-717","post","type-post","status-publish","format-standard","hentry","category-tagestouren"],"_links":{"self":[{"href":"https:\/\/pedaljunkie.de\/index.php?rest_route=\/wp\/v2\/posts\/717"}],"collection":[{"href":"https:\/\/pedaljunkie.de\/index.php?rest_route=\/wp\/v2\/posts"}],"about":[{"href":"https:\/\/pedaljunkie.de\/index.php?rest_route=\/wp\/v2\/types\/post"}],"author":[{"embeddable":true,"href":"https:\/\/pedaljunkie.de\/index.php?rest_route=\/wp\/v2\/users\/1"}],"replies":[{"embeddable":true,"href":"https:\/\/pedaljunkie.de\/index.php?rest_route=%2Fwp%2Fv2%2Fcomments&post=717"}],"version-history":[{"count":29,"href":"https:\/\/pedaljunkie.de\/index.php?rest_route=\/wp\/v2\/posts\/717\/revisions"}],"predecessor-version":[{"id":1213,"href":"https:\/\/pedaljunkie.de\/index.php?rest_route=\/wp\/v2\/posts\/717\/revisions\/1213"}],"wp:attachment":[{"href":"https:\/\/pedaljunkie.de\/index.php?rest_route=%2Fwp%2Fv2%2Fmedia&parent=717"}],"wp:term":[{"taxonomy":"category","embeddable":true,"href":"https:\/\/pedaljunkie.de\/index.php?rest_route=%2Fwp%2Fv2%2Fcategories&post=717"},{"taxonomy":"post_tag","embeddable":true,"href":"https:\/\/pedaljunkie.de\/index.php?rest_route=%2Fwp%2Fv2%2Ftags&post=717"}],"curies":[{"name":"wp","href":"https:\/\/api.w.org\/{rel}","templated":true}]}}